{"id":6986,"date":"2026-01-15T17:45:39","date_gmt":"2026-01-15T16:45:39","guid":{"rendered":"https:\/\/au-dela.fr\/?p=6986"},"modified":"2026-01-16T10:59:15","modified_gmt":"2026-01-16T09:59:15","slug":"incident-de-varginha-le-roswell-du-bresil-un-extraterrestre-recuperee-apres-un-crash-dovni","status":"publish","type":"post","link":"https:\/\/au-dela.fr\/?p=6986","title":{"rendered":"Incident de Varginha : le \u00ab\u00a0Roswell du Br\u00e9sil\u00a0\u00bb &#8211; Un extraterrestre r\u00e9cup\u00e9r\u00e9e apr\u00e8s un crash d&rsquo;OVNI ?"},"content":{"rendered":"\n<figure class=\"wp-block-embed is-type-video is-provider-youtube wp-block-embed-youtube wp-embed-aspect-16-9 wp-has-aspect-ratio\"><div class=\"wp-block-embed__wrapper\">\n<iframe loading=\"lazy\" title=\"Incident de Varginha, le \u00ab Roswell du Br\u00e9sil \u00bb \u2013 Un extraterrestre r\u00e9cup\u00e9r\u00e9e apr\u00e8s un crash d\u2019OVNI ?\" width=\"950\" height=\"534\" src=\"https:\/\/www.youtube.com\/embed\/m4pE--b8DGI?feature=oembed\" frameborder=\"0\" allow=\"accelerometer; autoplay; clipboard-write; encrypted-media; gyroscope; picture-in-picture; web-share\" referrerpolicy=\"strict-origin-when-cross-origin\" allowfullscreen><\/iframe>\n<\/div><\/figure>\n\n\n\n<p>Janvier 1996, Varginha, Minas Gerais, au Br\u00e9sil. Dans les jours qui pr\u00e9c\u00e8dent le 20 janvier, plusieurs habitants disent avoir vu des lumi\u00e8res \u00e9tranges et parfois un objet allong\u00e9, comme un cigare, semblant perdre de l\u2019altitude. Rien n\u2019est confirm\u00e9 officiellement, mais la rumeur enfle.<\/p>\n\n\n\n<p>Puis arrive le samedi 20 janvier 1996, vers 15h30 : trois jeunes femmes, Liliane Silva, Valqu\u00edria Silva et leur amie K\u00e1tia Andrade, traversent un terrain vague du quartier Jardim Andere. Elles prennent un raccourci pr\u00e8s d\u2019un mur, le sol est humide apr\u00e8s la pluie, et l\u00e0 elles s\u2019arr\u00eatent net : elles affirment voir une cr\u00e9ature accroupie contre le mur, petite, entre 1 m\u00e8tre 20 et 1 m\u00e8tre 60, tr\u00e8s fr\u00eale, presque \u00e9puis\u00e9e, avec une peau brun fonc\u00e9 huileuse, une t\u00eate anormalement grande et surtout trois bosses sur le sommet du cr\u00e2ne. Elles d\u00e9crivent de tr\u00e8s grands yeux rouges, rouges sombres, pas lumineux comme dans les films mais vivants, troublants, et elles ressentent que la cr\u00e9ature est terroris\u00e9e, d\u00e9sorient\u00e9e, comme si elle souffrait et ne voulait pas \u00eatre vue. Les trois jeunes femmes fuient en panique et racontent imm\u00e9diatement ce qu\u2019elles ont vu, et en quelques heures toute la ville en parle.<\/p>\n\n\n\n<p>Tr\u00e8s vite, d\u2019autres t\u00e9moignages s\u2019ajoutent : des habitants affirment avoir vu des mouvements inhabituels, des pompiers, la police militaire, des v\u00e9hicules officiels, parfois des zones s\u00e9curis\u00e9es ou des all\u00e9es et venues \u00e9tranges. \u00c0 partir de l\u00e0, l\u2019affaire se divise : c\u00f4t\u00e9 ufologique, des enqu\u00eateurs br\u00e9siliens comme A.J. Gevaerd, de Revista UFO, soutiennent qu\u2019il n\u2019y aurait pas eu qu\u2019un seul \u00eatre et que certaines cr\u00e9atures auraient \u00e9t\u00e9 captur\u00e9es. Un nom devient central : Marco Eli Chereze, caporal de la police militaire. Dans cette version, il aurait particip\u00e9 \u00e0 une intervention, il aurait approch\u00e9 une cr\u00e9ature de pr\u00e8s, certains disent m\u00eame qu\u2019il l\u2019aurait touch\u00e9e, et plusieurs r\u00e9cits parlent d\u2019une substance huileuse sur la peau et d\u2019une odeur extr\u00eamement forte, d\u00e9crite comme de l\u2019ammoniac ou du soufre.<\/p>\n\n\n\n<p>C\u2019est aussi \u00e0 ce moment qu\u2019appara\u00eet la partie la plus sensible : l\u2019h\u00f4pital. Dans la version ufologique la plus connue, une cr\u00e9ature aurait \u00e9t\u00e9 transport\u00e9e vers un \u00e9tablissement m\u00e9dical sous escorte, une zone aurait \u00e9t\u00e9 isol\u00e9e, des militaires auraient contr\u00f4l\u00e9 les acc\u00e8s, et du personnel m\u00e9dical aurait \u00e9t\u00e9 menac\u00e9 et intimid\u00e9, avec ordre de garder le silence, mais aucun dossier hospitalier public n\u2019a jamais confirm\u00e9 ces d\u00e9tails.En face, il y a la version officielle : l\u2019arm\u00e9e br\u00e9silienne enqu\u00eate et rejette totalement l\u2019id\u00e9e d\u2019une capture extraterrestre. Selon cette explication, les jeunes femmes auraient confondu la \u201ccr\u00e9ature\u201d avec un habitant de la ville surnomm\u00e9 Mudinho, un homme sans-abri ou handicap\u00e9, couvert de boue \u00e0 cause des pluies et vu accroupi pr\u00e8s d\u2019un mur, et les mouvements de militaires ou de secours observ\u00e9s seraient des d\u00e9placements routiniers, mal interpr\u00e9t\u00e9s dans le contexte de panique.<\/p>\n\n\n\n<p>Pourtant, un \u00e9v\u00e9nement r\u00e9el va rendre l\u2019affaire impossible \u00e0 refermer : le 15 f\u00e9vrier 1996, Marco Eli Chereze meurt, officiellement d\u2019une infection grave de type septic\u00e9mie. Pour les partisans de la th\u00e8se extraterrestre, c\u2019est la preuve indirecte d\u2019un contact dangereux avec la cr\u00e9ature qui l\u2019aurait contamin\u00e9, mais aucune preuve m\u00e9dicale publique ne permet d\u2019\u00e9tablir un lien formel.Aujourd\u2019hui, l\u2019incident de Varginha reste un myst\u00e8re. <\/p>\n\n\n\n<p>Il n\u2019existe aucune preuve mat\u00e9rielle accessible au public, aucun document d\u00e9cisif, aucune certitude officielle. Et pourtant\u2026 les t\u00e9moignages demeurent. Des r\u00e9cits pr\u00e9cis, coh\u00e9rents, port\u00e9s par des t\u00e9moins qui, encore aujourd\u2019hui, jurent avoir vu une cr\u00e9ature qui ne ressemblait \u00e0 rien de connu. Alors une question persiste : secret d\u2019\u00c9tat\u2026 ou mythe collectif n\u00e9 d\u2019une rencontre inexplicable ?<\/p>\n\n\n\n<p><strong>Une erreur, un oubli, une source ? Contactez-moi pour enrichir et corriger cet article<\/strong>.<br><\/p>\n\n\n\n<div class=\"wp-block-group alignfull has-background-background-color has-background has-global-padding is-layout-constrained wp-block-group-is-layout-constrained\" style=\"margin-top:0px;margin-bottom:0px;padding-top:var(--wp--preset--spacing--xx-large);padding-bottom:var(--wp--preset--spacing--xx-large)\">\n<div class=\"wp-block-group alignwide is-layout-flow wp-container-core-group-is-layout-5dcfa7ce wp-block-group-is-layout-flow\" style=\"padding-top:var(--wp--preset--spacing--medium);padding-right:var(--wp--preset--spacing--small);padding-bottom:var(--wp--preset--spacing--medium);padding-left:var(--wp--preset--spacing--small)\">\n<h2 class=\"wp-block-heading has-text-align-center has-large-font-size\"><strong>Note au lecteur<\/strong><\/h2>\n\n\n\n<div class=\"wp-block-columns is-layout-flex wp-container-core-columns-is-layout-28f84493 wp-block-columns-is-layout-flex\">\n<div class=\"wp-block-column is-layout-flow wp-block-column-is-layout-flow\">\n<p class=\"has-text-align-center\"><\/p>\n<\/div>\n\n\n\n<div class=\"wp-block-column is-vertically-aligned-top is-layout-flow wp-block-column-is-layout-flow\" style=\"flex-basis:720px\">\n<p class=\"has-text-align-center\">Cet article pr\u00e9sente une synth\u00e8se documentaire autour de l\u2019incident de Varginha (1996), \u00e0 partir de t\u00e9moignages publics, de sources m\u00e9diatiques et de travaux d\u2019enqu\u00eate disponibles.<\/p>\n\n\n\n<p class=\"has-text-align-center\">Certaines affirmations associ\u00e9es \u00e0 cette affaire (crash d\u2019OVNI, r\u00e9cup\u00e9ration de corps, intervention militaire, passage \u00e0 l\u2019h\u00f4pital) restent controvers\u00e9es et n\u2019ont pas \u00e9t\u00e9 confirm\u00e9es par des preuves mat\u00e9rielles accessibles au public ni par des documents officiels conclusifs.<\/p>\n\n\n\n<p class=\"has-text-align-center\">Les \u00e9l\u00e9ments cit\u00e9s comme \u201ct\u00e9moignages\u201d sont rapport\u00e9s comme des d\u00e9clarations de t\u00e9moins et d\u2019enqu\u00eateurs, et ne constituent pas une validation scientifique ou institutionnelle.<\/p>\n\n\n\n<p class=\"has-text-align-center\">Les visuels associ\u00e9s \u00e0 cet article sont des reconstitutions g\u00e9n\u00e9r\u00e9es \u00e0 des fins d\u2019illustration. Ils ne repr\u00e9sentent pas des documents authentiques et ne doivent pas \u00eatre interpr\u00e9t\u00e9s comme des preuves.<\/p>\n\n\n\n<p class=\"has-text-align-center\">Les personnes et institutions mentionn\u00e9es sont cit\u00e9es dans un cadre informatif, sur la base de sources publiques. Aucune accusation n\u2019est formul\u00e9e au-del\u00e0 des faits rapport\u00e9s.<\/p>\n\n\n\n<p><strong>Sources &amp; r\u00e9f\u00e9rences<\/strong><\/p>\n\n\n\n<ul class=\"wp-block-list\">\n<li>Moment of Contact \u2014 James Fox (2022)<\/li>\n\n\n\n<li>Travaux et publications ufologiques br\u00e9siliennes (Revista UFO \/ A.J. Gevaerd)<\/li>\n\n\n\n<li>Synth\u00e8ses et controverses : articles et ressources publiques sur l\u2019incident de Varginha<\/li>\n<\/ul>\n\n\n\n<p class=\"has-text-align-center\"><br><br><\/p>\n<\/div>\n\n\n\n<div class=\"wp-block-column is-layout-flow wp-block-column-is-layout-flow\"><\/div>\n<\/div>\n<\/div>\n<\/div>\n\n\n\n<p><\/p>\n","protected":false},"excerpt":{"rendered":"<p>Janvier 1996, Varginha, Minas Gerais, au Br\u00e9sil. Dans les jours qui pr\u00e9c\u00e8dent le 20 janvier, plusieurs habitants disent avoir vu des lumi\u00e8res \u00e9tranges et parfois un objet allong\u00e9, comme un cigare, semblant perdre de l\u2019altitude. Rien n\u2019est confirm\u00e9 officiellement, mais la rumeur enfle. Puis arrive le samedi 20 janvier 1996, vers 15h30 : trois jeunes &hellip; <\/p>\n<p class=\"link-more\"><a href=\"https:\/\/au-dela.fr\/?p=6986\" class=\"more-link\">Lire la suite de<span class=\"screen-reader-text\">\u00ab\u00a0Incident de Varginha : le \u00ab\u00a0Roswell du Br\u00e9sil\u00a0\u00bb &#8211; Un extraterrestre r\u00e9cup\u00e9r\u00e9e apr\u00e8s un crash d&rsquo;OVNI ?\u00a0\u00bb<\/span><\/a><\/p>\n","protected":false},"author":1,"featured_media":0,"comment_status":"open","ping_status":"open","sticky":false,"template":"","format":"standard","meta":{"footnotes":""},"categories":[3],"tags":[35,33],"class_list":["post-6986","post","type-post","status-publish","format-standard","hentry","category-phenomenes","tag-extraterrestre","tag-ovni"],"featured_media_urls":[],"_links":{"self":[{"href":"https:\/\/au-dela.fr\/index.php?rest_route=\/wp\/v2\/posts\/6986","targetHints":{"allow":["GET"]}}],"collection":[{"href":"https:\/\/au-dela.fr\/index.php?rest_route=\/wp\/v2\/posts"}],"about":[{"href":"https:\/\/au-dela.fr\/index.php?rest_route=\/wp\/v2\/types\/post"}],"author":[{"embeddable":true,"href":"https:\/\/au-dela.fr\/index.php?rest_route=\/wp\/v2\/users\/1"}],"replies":[{"embeddable":true,"href":"https:\/\/au-dela.fr\/index.php?rest_route=%2Fwp%2Fv2%2Fcomments&post=6986"}],"version-history":[{"count":12,"href":"https:\/\/au-dela.fr\/index.php?rest_route=\/wp\/v2\/posts\/6986\/revisions"}],"predecessor-version":[{"id":6992,"href":"https:\/\/au-dela.fr\/index.php?rest_route=\/wp\/v2\/posts\/6986\/revisions\/6992"}],"wp:attachment":[{"href":"https:\/\/au-dela.fr\/index.php?rest_route=%2Fwp%2Fv2%2Fmedia&parent=6986"}],"wp:term":[{"taxonomy":"category","embeddable":true,"href":"https:\/\/au-dela.fr\/index.php?rest_route=%2Fwp%2Fv2%2Fcategories&post=6986"},{"taxonomy":"post_tag","embeddable":true,"href":"https:\/\/au-dela.fr\/index.php?rest_route=%2Fwp%2Fv2%2Ftags&post=6986"}],"curies":[{"name":"wp","href":"https:\/\/api.w.org\/{rel}","templated":true}]}}